{"id":5005,"date":"2026-03-27T19:12:24","date_gmt":"2026-03-27T19:12:24","guid":{"rendered":"https:\/\/fondationria.org\/?p=5005"},"modified":"2026-03-27T19:20:57","modified_gmt":"2026-03-27T19:20:57","slug":"camp-deveil-scientifique-2e-edition-une-immersion-reussie-au-coeur-du-monde-des-insectes-%f0%9f%90%9c%f0%9f%90%9e","status":"publish","type":"post","link":"https:\/\/fondationria.org\/en\/camp-deveil-scientifique-2e-edition-une-immersion-reussie-au-coeur-du-monde-des-insectes-%f0%9f%90%9c%f0%9f%90%9e\/","title":{"rendered":"Camp d\u2019\u00e9veil scientifique (2e \u00e9dition) : une immersion r\u00e9ussie au c\u0153ur du monde des insectes \ud83d\udc1c\ud83d\udc1e"},"content":{"rendered":"<p>Du 23 au 27 f\u00e9vrier, la <strong>Foundation for Research and Innovation in Africa (FRIA).<\/strong> a organis\u00e9 la deuxi\u00e8me \u00e9dition de son camp d\u2019\u00e9veil scientifique, plac\u00e9 sous le th\u00e8me : <strong>\u00ab \u00c0 la d\u00e9couverte des insectes \u00bb<\/strong>.<\/p>\n<p>Durant cinq jours, les enfants ont v\u00e9cu une exp\u00e9rience \u00e0 la fois \u00e9ducative, immersive et enrichissante, explorant le monde fascinant des insectes \u00e0 travers des activit\u00e9s pratiques, ludiques et interactives.<\/p>\n<p><strong>Apprendre en exp\u00e9rimentant : une approche vivante de la science<\/strong><\/p>\n<p>Au fil des journ\u00e9es, les enfants ont \u00e9t\u00e9 initi\u00e9s aux bases de l\u2019observation scientifique : reconna\u00eetre un insecte, comprendre son r\u00f4le dans l\u2019\u00e9cosyst\u00e8me et d\u00e9couvrir son importance dans notre quotidien.<\/p>\n<p>\u00c0 travers des exp\u00e9riences, des manipulations et des activit\u00e9s cr\u00e9atives (dessin, peinture, fabrication), ils ont pu non seulement apprendre, mais aussi <strong>s\u2019approprier les connaissances \u00e0 leur mani\u00e8re<\/strong>, tout en d\u00e9veloppant leur curiosit\u00e9 et leur esprit critique.<\/p>\n<p><strong>Rencontre avec les experts : nos \u201cpetites graines de chercheurs\u201d \u00e0 l\u2019insectarium<\/strong><\/p>\n<p>L\u2019un des moments forts du camp a \u00e9t\u00e9 la visite de l\u2019insectarium du <strong>Centre Suisse de Recherches Scientifiques (CSRS)<\/strong>, o\u00f9 les enfants ont \u00e9t\u00e9 chaleureusement accueillis par une \u00e9quipe de chercheurs entomologistes.<\/p>\n<p>Sous la conduite du <strong>Dr Khadidiatou Ciss\u00e9 Niameb\u00e9l\u00e9<\/strong>, entomologiste et fondatrice de <strong>Science Pour Tous,<\/strong>\u00a0 ils ont plong\u00e9 plus sp\u00e9cifiquement dans l\u2019univers des moustiques, d\u00e9couvrant leur r\u00f4le, leur mode de vie, ainsi que les enjeux de sant\u00e9 qui y sont li\u00e9s.<\/p>\n<p><img fetchpriority=\"high\" decoding=\"async\" class=\"alignnone size-medium wp-image-5008\" src=\"https:\/\/fondationria.org\/wp-content\/uploads\/2026\/03\/WhatsApp-Image-2026-03-04-at-21.14.15-1-300x225.jpeg\" alt=\"\" width=\"300\" height=\"225\" srcset=\"https:\/\/fondationria.org\/wp-content\/uploads\/2026\/03\/WhatsApp-Image-2026-03-04-at-21.14.15-1-300x225.jpeg 300w, https:\/\/fondationria.org\/wp-content\/uploads\/2026\/03\/WhatsApp-Image-2026-03-04-at-21.14.15-1-1024x768.jpeg 1024w, https:\/\/fondationria.org\/wp-content\/uploads\/2026\/03\/WhatsApp-Image-2026-03-04-at-21.14.15-1-768x576.jpeg 768w, https:\/\/fondationria.org\/wp-content\/uploads\/2026\/03\/WhatsApp-Image-2026-03-04-at-21.14.15-1-16x12.jpeg 16w, https:\/\/fondationria.org\/wp-content\/uploads\/2026\/03\/WhatsApp-Image-2026-03-04-at-21.14.15-1.jpeg 1280w\" sizes=\"(max-width: 300px) 100vw, 300px\" \/><\/p>\n<p>Dans une atmosph\u00e8re conviviale et inspirante, le Dr Khadidiatou a affectueusement qualifi\u00e9 les enfants de <strong>\u00ab petites graines de chercheurs \u00bb<\/strong>, une appellation forte de sens qui refl\u00e8te leur curiosit\u00e9, leur engagement et leur potentiel.<\/p>\n<p>Cette immersion a permis de rapprocher les enfants du monde de la recherche et de leur montrer que la science est accessible, concr\u00e8te et passionnante.<\/p>\n<p><strong>Des enfants engag\u00e9s, confiants et \u00e9panouis<\/strong><\/p>\n<p>Tout au long du camp, les enfants ont fait preuve d\u2019une grande implication. Curieux, attentifs et enthousiastes, ils se sont pleinement investis dans les activit\u00e9s propos\u00e9es.<\/p>\n<p><img decoding=\"async\" class=\"alignnone size-medium wp-image-5007\" src=\"https:\/\/fondationria.org\/wp-content\/uploads\/2026\/03\/WhatsApp-Image-2026-03-01-at-22.11.27-300x225.jpeg\" alt=\"\" width=\"300\" height=\"225\" srcset=\"https:\/\/fondationria.org\/wp-content\/uploads\/2026\/03\/WhatsApp-Image-2026-03-01-at-22.11.27-300x225.jpeg 300w, https:\/\/fondationria.org\/wp-content\/uploads\/2026\/03\/WhatsApp-Image-2026-03-01-at-22.11.27-1024x768.jpeg 1024w, https:\/\/fondationria.org\/wp-content\/uploads\/2026\/03\/WhatsApp-Image-2026-03-01-at-22.11.27-768x576.jpeg 768w, https:\/\/fondationria.org\/wp-content\/uploads\/2026\/03\/WhatsApp-Image-2026-03-01-at-22.11.27-16x12.jpeg 16w, https:\/\/fondationria.org\/wp-content\/uploads\/2026\/03\/WhatsApp-Image-2026-03-01-at-22.11.27.jpeg 1280w\" sizes=\"(max-width: 300px) 100vw, 300px\" \/><\/p>\n<p>&nbsp;<\/p>\n<p>Au-del\u00e0 des apprentissages scientifiques, ce camp a constitu\u00e9 un v\u00e9ritable <strong>espace de coh\u00e9sion et de partage<\/strong>, favorisant les \u00e9changes, la collaboration et l\u2019expression de chacun.<\/p>\n<p>Les moments de restitution, notamment \u00e0 travers le quiz final et les activit\u00e9s artistiques, ont permis de mesurer l\u2019\u00e9volution de leurs connaissances, tout en valorisant leur cr\u00e9ativit\u00e9.<\/p>\n<p><strong>Un investissement porteur de sens<\/strong><\/p>\n<p>Ce camp d\u2019\u00e9veil scientifique repr\u00e9sente bien plus qu\u2019une simple activit\u00e9 extrascolaire. Il s\u2019inscrit dans une d\u00e9marche visant \u00e0 \u00e9veiller l\u2019int\u00e9r\u00eat pour la science d\u00e8s le plus jeune \u00e2ge, en proposant des exp\u00e9riences concr\u00e8tes, stimulantes et m\u00e9morables.<\/p>\n<p>\u00c0 travers cette initiative, la FRIA r\u00e9affirme son engagement \u00e0 <strong>rendre la science accessible \u00e0 tous et \u00e0 inspirer les g\u00e9n\u00e9rations pr\u00e9sentes et futures<\/strong>, en C\u00f4te d\u2019Ivoire et \u00e0 travers l\u2019Afrique.<\/p>\n<p>Pour les parents, cette exp\u00e9rience constitue un investissement utile et porteur de sens, ayant permis aux enfants de d\u00e9velopper des comp\u00e9tences essentielles tout en s\u2019\u00e9panouissant dans un cadre structurant et stimulant.<\/p>\n<p><strong>Et la suite ?<\/strong><\/p>\n<p>La FRIA entend poursuivre ses actions en faveur de la vulgarisation scientifique et du rapprochement entre la science et les populations, sur l\u2019ensemble du continent africain.<\/p>\n<p><strong>Restez connect\u00e9s \u00e0 nos activit\u00e9s !<\/strong><br \/>\nSuivez-nous sur nos r\u00e9seaux sociaux et consultez r\u00e9guli\u00e8rement notre site internet pour d\u00e9couvrir nos prochaines initiatives.<\/p>","protected":false},"excerpt":{"rendered":"<p>Du 23 au 27 f\u00e9vrier, la Fondation pour la Recherche et l\u2019Innovation Africaine (FRIA) a organis\u00e9 la deuxi\u00e8me \u00e9dition de son camp d\u2019\u00e9veil scientifique, plac\u00e9 sous le th\u00e8me : \u00ab \u00c0 la d\u00e9couverte des insectes \u00bb. Durant cinq jours, les enfants ont v\u00e9cu une exp\u00e9rience \u00e0 la fois \u00e9ducative, immersive et enrichissante, explorant le monde [&hellip;]<\/p>","protected":false},"author":13,"featured_media":5011,"comment_status":"open","ping_status":"open","sticky":false,"template":"","format":"standard","meta":{"footnotes":""},"categories":[46],"tags":[],"class_list":["post-5005","post","type-post","status-publish","format-standard","has-post-thumbnail","hentry","category-education-et-innovation"],"_links":{"self":[{"href":"https:\/\/fondationria.org\/en\/wp-json\/wp\/v2\/posts\/5005","targetHints":{"allow":["GET"]}}],"collection":[{"href":"https:\/\/fondationria.org\/en\/wp-json\/wp\/v2\/posts"}],"about":[{"href":"https:\/\/fondationria.org\/en\/wp-json\/wp\/v2\/types\/post"}],"author":[{"embeddable":true,"href":"https:\/\/fondationria.org\/en\/wp-json\/wp\/v2\/users\/13"}],"replies":[{"embeddable":true,"href":"https:\/\/fondationria.org\/en\/wp-json\/wp\/v2\/comments?post=5005"}],"version-history":[{"count":1,"href":"https:\/\/fondationria.org\/en\/wp-json\/wp\/v2\/posts\/5005\/revisions"}],"predecessor-version":[{"id":5012,"href":"https:\/\/fondationria.org\/en\/wp-json\/wp\/v2\/posts\/5005\/revisions\/5012"}],"wp:featuredmedia":[{"embeddable":true,"href":"https:\/\/fondationria.org\/en\/wp-json\/wp\/v2\/media\/5011"}],"wp:attachment":[{"href":"https:\/\/fondationria.org\/en\/wp-json\/wp\/v2\/media?parent=5005"}],"wp:term":[{"taxonomy":"category","embeddable":true,"href":"https:\/\/fondationria.org\/en\/wp-json\/wp\/v2\/categories?post=5005"},{"taxonomy":"post_tag","embeddable":true,"href":"https:\/\/fondationria.org\/en\/wp-json\/wp\/v2\/tags?post=5005"}],"curies":[{"name":"wp","href":"https:\/\/api.w.org\/{rel}","templated":true}]}}