{"id":5000,"date":"2026-02-06T18:51:02","date_gmt":"2026-02-06T18:51:02","guid":{"rendered":"https:\/\/fondationria.org\/?p=5000"},"modified":"2026-02-06T19:00:22","modified_gmt":"2026-02-06T19:00:22","slug":"les-enfants-a-la-decouverte-du-monde-des-insectes-la-fria-lance-la-2%e1%b5%89-edition-de-son-camp-deveil-scientifique","status":"publish","type":"post","link":"https:\/\/fondationria.org\/en\/les-enfants-a-la-decouverte-du-monde-des-insectes-la-fria-lance-la-2%e1%b5%89-edition-de-son-camp-deveil-scientifique\/","title":{"rendered":"Les enfants \u00e0 la d\u00e9couverte du monde des insectes : la FRIA lance la 2\u1d49 \u00e9dition de son Camp d\u2019\u00c9veil Scientifique"},"content":{"rendered":"<p>Du <strong>23 au 27 f\u00e9vrier 2026<\/strong>, la Fondation pour la Recherche et l\u2019Innovation Africaine (<strong>FRIA<\/strong>) organise la deuxi\u00e8me \u00e9dition de son <strong>Camp d\u2019\u00c9veil Scientifique<\/strong>, destin\u00e9 aux enfants et adolescents \u00e2g\u00e9s de <strong>6 \u00e0 15 ans<\/strong>.<br \/>\nCette \u00e9dition se tiendra \u00e0 <strong>Maison Cerise, Cocody \u2013 Riviera Attoban<\/strong>, pr\u00e8s de l\u2019universit\u00e9 IUA.<\/p>\n<p>Cette \u00e9dition sera consacr\u00e9e \u00e0 la <strong>d\u00e9couverte des insectes<\/strong>, afin d\u2019initier les enfants \u00e0 la d\u00e9marche scientifique \u00e0 partir de leur environnement imm\u00e9diat.<br \/>\n\u00c0 travers des activit\u00e9s pratiques et interactives, les participants apprendront \u00e0 <strong>observer, analyser et comprendre le monde vivant<\/strong>, dans un cadre <strong>ludique et s\u00e9curis\u00e9<\/strong>. Une <strong>visite guid\u00e9e dans un insectarium<\/strong> est \u00e9galement pr\u00e9vue pour enrichir cette exp\u00e9rience.<\/p>\n<p>\u00c0 travers ce camp, la FRIA r\u00e9affirme sa volont\u00e9 d\u2019<strong>\u00e9veiller la curiosit\u00e9 scientifique des enfants<\/strong> et de contribuer \u00e0 la formation de jeunes esprits capables, demain, de participer aux innovations dont l\u2019Afrique a besoin.<\/p>\n<p>L\u2019an dernier, les enfants \u00e9taient invit\u00e9s \u00e0 se projeter comme de futurs Prix Nobel scientifiques. Cette ann\u00e9e, la qu\u00eate continue non seulement en r\u00eavant plus grand, mais en apprenant \u00e0 observer le monde vivant, premi\u00e8re \u00e9tape de toute innovation.<\/p>\n<p><strong>Les places \u00e9tant limit\u00e9es, les inscriptions sont ouvertes d\u00e8s maintenant.<\/strong><br \/>\nInscrivez-vous via le lien ci-dessous\/<\/p>\n<p>\ud83d\udccd <strong data-start=\"1493\" data-end=\"1503\">Lieu :<\/strong> Maison Cerise, Cocody \u2013 Riviera Attoban<br data-start=\"1543\" data-end=\"1546\" \/>\ud83d\udcc5 <strong data-start=\"1549\" data-end=\"1560\">Dates :<\/strong> du 23 au 27 f\u00e9vrier 2026<br data-start=\"1585\" data-end=\"1588\" \/>\u23f0 <strong data-start=\"1590\" data-end=\"1604\">Horaires :<\/strong> 9h \u2013 12h30<br data-start=\"1615\" data-end=\"1618\" \/>\ud83d\udcdd <strong data-start=\"1621\" data-end=\"1638\">Inscription :<\/strong> <a class=\"decorated-link\" href=\"https:\/\/forms.gle\/ARPyZPFFbquqjyC98\" target=\"_new\" rel=\"noopener\" data-start=\"1639\" data-end=\"1674\">https:\/\/forms.gle\/ARPyZPFFbquqjyC98<\/a><br data-start=\"1674\" data-end=\"1677\" \/>\ud83d\udcde <strong data-start=\"1680\" data-end=\"1693\">Contact :<\/strong> +225 07 79 07 66 68<br data-start=\"1713\" data-end=\"1716\" \/>\u2709\ufe0f <strong data-start=\"1719\" data-end=\"1731\">E-mail :<\/strong> <a class=\"decorated-link cursor-pointer\" rel=\"noopener\" data-start=\"1732\" data-end=\"1756\">contact@fondationria.org<\/a><br data-start=\"1756\" data-end=\"1759\" \/>\ud83c\udf10 <strong data-start=\"1762\" data-end=\"1776\">Site web :<\/strong> <a class=\"decorated-link\" href=\"https:\/\/fondationria.org\/en\/\" target=\"_new\" rel=\"noopener\" data-start=\"1777\" data-end=\"1801\">https:\/\/fondationria.org<\/a><\/p>\n<p>&nbsp;<\/p>","protected":false},"excerpt":{"rendered":"<p>Du 23 au 27 f\u00e9vrier 2026, la Fondation pour la Recherche et l\u2019Innovation Africaine (FRIA) organise la deuxi\u00e8me \u00e9dition de son Camp d\u2019\u00c9veil Scientifique, destin\u00e9 aux enfants et adolescents \u00e2g\u00e9s de 6 \u00e0 15 ans. Cette \u00e9dition se tiendra \u00e0 Maison Cerise, Cocody \u2013 Riviera Attoban, pr\u00e8s de l\u2019universit\u00e9 IUA. Cette \u00e9dition sera consacr\u00e9e \u00e0 [&hellip;]<\/p>","protected":false},"author":13,"featured_media":5001,"comment_status":"open","ping_status":"open","sticky":false,"template":"","format":"standard","meta":{"footnotes":""},"categories":[46],"tags":[],"class_list":["post-5000","post","type-post","status-publish","format-standard","has-post-thumbnail","hentry","category-education-et-innovation"],"_links":{"self":[{"href":"https:\/\/fondationria.org\/en\/wp-json\/wp\/v2\/posts\/5000","targetHints":{"allow":["GET"]}}],"collection":[{"href":"https:\/\/fondationria.org\/en\/wp-json\/wp\/v2\/posts"}],"about":[{"href":"https:\/\/fondationria.org\/en\/wp-json\/wp\/v2\/types\/post"}],"author":[{"embeddable":true,"href":"https:\/\/fondationria.org\/en\/wp-json\/wp\/v2\/users\/13"}],"replies":[{"embeddable":true,"href":"https:\/\/fondationria.org\/en\/wp-json\/wp\/v2\/comments?post=5000"}],"version-history":[{"count":2,"href":"https:\/\/fondationria.org\/en\/wp-json\/wp\/v2\/posts\/5000\/revisions"}],"predecessor-version":[{"id":5003,"href":"https:\/\/fondationria.org\/en\/wp-json\/wp\/v2\/posts\/5000\/revisions\/5003"}],"wp:featuredmedia":[{"embeddable":true,"href":"https:\/\/fondationria.org\/en\/wp-json\/wp\/v2\/media\/5001"}],"wp:attachment":[{"href":"https:\/\/fondationria.org\/en\/wp-json\/wp\/v2\/media?parent=5000"}],"wp:term":[{"taxonomy":"category","embeddable":true,"href":"https:\/\/fondationria.org\/en\/wp-json\/wp\/v2\/categories?post=5000"},{"taxonomy":"post_tag","embeddable":true,"href":"https:\/\/fondationria.org\/en\/wp-json\/wp\/v2\/tags?post=5000"}],"curies":[{"name":"wp","href":"https:\/\/api.w.org\/{rel}","templated":true}]}}