{"id":4987,"date":"2025-12-04T17:06:44","date_gmt":"2025-12-04T17:06:44","guid":{"rendered":"https:\/\/fondationria.org\/?p=4987"},"modified":"2025-12-04T17:06:44","modified_gmt":"2025-12-04T17:06:44","slug":"appel-a-recrutement","status":"publish","type":"post","link":"https:\/\/fondationria.org\/en\/appel-a-recrutement\/","title":{"rendered":"Appel \u00e0 recrutement"},"content":{"rendered":"<p style=\"font-weight: 400;\"><strong>Intitul\u00e9 du poste :<\/strong> Assistant(e) Projet<\/p>\n<p style=\"font-weight: 400;\"><strong>Organisation :<\/strong> Foundation for Research and Innovation in Africa (FRIA).<\/p>\n<p style=\"font-weight: 400;\"><strong>Lieu :\u00a0<\/strong> Abidjan, C\u00f4te d\u2019Ivoire<\/p>\n<p style=\"font-weight: 400;\"><strong>Type de contrat :<\/strong>\u00a0 Stage r\u00e9mun\u00e9r\u00e9 (80 milles FCFA)<\/p>\n<p style=\"font-weight: 400;\"><strong>Missions principales :<\/strong><\/p>\n<p style=\"font-weight: 400;\">Sous la supervision de la Pr\u00e9sidente de la FRIA et du Directeur Communication de la FRIA, l\u2019assistant(e) projet appuie la mise en \u0153uvre \u00a0et la valorisation des activit\u00e9s de la FRIA.<\/p>\n<p style=\"font-weight: 400;\"><strong>Responsabilit\u00e9s :<\/strong><\/p>\n<ul>\n<li style=\"font-weight: 400;\">\u2060 \u2060Appuyer la planification, l\u2019ex\u00e9cution, le suivi et la documentation des activit\u00e9s de projet ;<\/li>\n<li style=\"font-weight: 400;\">\u2060 \u2060Contribuer \u00e0 la r\u00e9daction de rapports, notes et supports de communication ;<\/li>\n<li style=\"font-weight: 400;\">\u2060 \u2060Cr\u00e9er et publier du contenu attractif pour les r\u00e9seaux sociaux et le site web (articles, visuels, vid\u00e9os, stories, etc.) ;<\/li>\n<li style=\"font-weight: 400;\">\u2060 \u2060Assurer la mise \u00e0 jour r\u00e9guli\u00e8re du site internet et des plateformes num\u00e9riques de la FRIA ;<\/li>\n<li style=\"font-weight: 400;\">\u2060 \u2060Participer \u00e0 l\u2019organisation d\u2019\u00e9v\u00e9nements (ex : camp d\u2019\u00e9veil scientifique pour enfants).<\/li>\n<\/ul>\n<p style=\"font-weight: 400;\"><strong>Profil recherch\u00e9 :<\/strong><\/p>\n<ul>\n<li style=\"font-weight: 400;\">\u2060 \u2060Dipl\u00f4m\u00e9.e en sciences fondamentales et\/ou sciences humaines et sociales avec des comp\u00e9tences en gestion de projet ;<\/li>\n<li style=\"font-weight: 400;\">\u2060 \u2060Excellentes comp\u00e9tences r\u00e9dactionnelles et organisationnelles ;<\/li>\n<li style=\"font-weight: 400;\">\u2060 \u2060Ma\u00eetrise des r\u00e9seaux sociaux professionnels (LinkedIn, X, Facebook, Instagram) ;<\/li>\n<li style=\"font-weight: 400;\">\u2060 \u2060Connaissances en cr\u00e9ation de contenus num\u00e9riques (Canva, WordPress, ou \u00e9quivalents) ;<\/li>\n<li style=\"font-weight: 400;\">\u2060 \u2060Int\u00e9r\u00eat pour la recherche, l\u2019innovation et le d\u00e9veloppement en Afrique.<\/li>\n<\/ul>\n<p style=\"font-weight: 400;\">Interess\u00e9.e ? Envoyez votre CV \u00e0 l\u2019adresse suivante : <a href=\"mailto:contact@fondationria.org\">contact@fondationria.org<\/a> en mettant en objet \u00ab <strong>Assistant(e) Projet FRIA<\/strong> \u00bb<\/p>\n<p style=\"font-weight: 400;\"><strong>D\u00e9lai de r\u00e9ception des candidatures\u00a0: 15 d\u00e9cembre 2025<\/strong><\/p>\n<p style=\"font-weight: 400;\">Candidature f\u00e9minine vivement encourag\u00e9e<\/p>\n<p style=\"font-weight: 400;\">","protected":false},"excerpt":{"rendered":"<p>Intitul\u00e9 du poste : Assistant(e) Projet Organisation : Fondation pour la Recherche et l\u2019Innovation Africaine (FRIA) Lieu :\u00a0 Abidjan, C\u00f4te d\u2019Ivoire Type de contrat :\u00a0 Stage r\u00e9mun\u00e9r\u00e9 (80 milles FCFA) Missions principales : Sous la supervision de la Pr\u00e9sidente de la FRIA et du Directeur Communication de la FRIA, l\u2019assistant(e) projet appuie la mise en [&hellip;]<\/p>","protected":false},"author":13,"featured_media":4988,"comment_status":"open","ping_status":"open","sticky":false,"template":"","format":"standard","meta":{"footnotes":""},"categories":[46],"tags":[73,69,71,70,72],"class_list":["post-4987","post","type-post","status-publish","format-standard","has-post-thumbnail","hentry","category-education-et-innovation","tag-assistant-projet","tag-camp-eveil-scientifique","tag-cinq-sens","tag-enfant","tag-recrutement"],"_links":{"self":[{"href":"https:\/\/fondationria.org\/en\/wp-json\/wp\/v2\/posts\/4987","targetHints":{"allow":["GET"]}}],"collection":[{"href":"https:\/\/fondationria.org\/en\/wp-json\/wp\/v2\/posts"}],"about":[{"href":"https:\/\/fondationria.org\/en\/wp-json\/wp\/v2\/types\/post"}],"author":[{"embeddable":true,"href":"https:\/\/fondationria.org\/en\/wp-json\/wp\/v2\/users\/13"}],"replies":[{"embeddable":true,"href":"https:\/\/fondationria.org\/en\/wp-json\/wp\/v2\/comments?post=4987"}],"version-history":[{"count":1,"href":"https:\/\/fondationria.org\/en\/wp-json\/wp\/v2\/posts\/4987\/revisions"}],"predecessor-version":[{"id":4989,"href":"https:\/\/fondationria.org\/en\/wp-json\/wp\/v2\/posts\/4987\/revisions\/4989"}],"wp:featuredmedia":[{"embeddable":true,"href":"https:\/\/fondationria.org\/en\/wp-json\/wp\/v2\/media\/4988"}],"wp:attachment":[{"href":"https:\/\/fondationria.org\/en\/wp-json\/wp\/v2\/media?parent=4987"}],"wp:term":[{"taxonomy":"category","embeddable":true,"href":"https:\/\/fondationria.org\/en\/wp-json\/wp\/v2\/categories?post=4987"},{"taxonomy":"post_tag","embeddable":true,"href":"https:\/\/fondationria.org\/en\/wp-json\/wp\/v2\/tags?post=4987"}],"curies":[{"name":"wp","href":"https:\/\/api.w.org\/{rel}","templated":true}]}}