{"id":4982,"date":"2025-11-19T07:40:32","date_gmt":"2025-11-19T07:40:32","guid":{"rendered":"https:\/\/fondationria.org\/?p=4982"},"modified":"2025-11-19T07:40:32","modified_gmt":"2025-11-19T07:40:32","slug":"premiere-edition-du-camp-deveil-scientifique-de-la-fria-quand-les-enfants-deviennent-apprentis-chercheurs","status":"publish","type":"post","link":"https:\/\/fondationria.org\/en\/premiere-edition-du-camp-deveil-scientifique-de-la-fria-quand-les-enfants-deviennent-apprentis-chercheurs\/","title":{"rendered":"Premi\u00e8re \u00e9dition du Camp d\u2019\u00c9veil Scientifique de la FRIA : quand les enfants deviennent apprentis chercheurs"},"content":{"rendered":"<p style=\"font-weight: 400;\">Lundi 27 octobre 2025, il est \u00e0 peine 9h lorsque les premiers \u00e9clats de rire retentissent au si\u00e8ge de la <strong>Foundation for Research and Innovation in Africa (FRIA).<\/strong>. Ils sont huit enfants dont l\u2019\u00e2ge varie entre 6 et 9 ans. Ils d\u00e9couvrent avec curiosit\u00e9 les blouses blanches sp\u00e9cialement confectionn\u00e9es pour eux. La premi\u00e8re \u00e9dition du Camp d\u2019\u00c9veil Scientifique de la FRIA vient de commencer. Une initiative in\u00e9dite qui vise \u00e0 stimuler la curiosit\u00e9 scientifique des enfants \u00e0 travers des activit\u00e9s pratiques, ludiques et \u00e9ducatives.<\/p>\n<p style=\"font-weight: 400;\"><strong>Une semaine pour explorer les cinq sens<\/strong><\/p>\n<p style=\"font-weight: 400;\">Pendant cinq jours, du 27 au 31 octobre 2025, les enfants ont v\u00e9cu une v\u00e9ritable\u00a0immersion dans l\u2019univers de la science. Ils ont explor\u00e9 les\u00a0cinq sens\u00a0\u00e0 travers des exp\u00e9riences simples et captivantes :<\/p>\n<ul>\n<li>La vue, avec des illusions d\u2019optique et des tests de perception ;<\/li>\n<li>Le toucher, en fabriquant du slime et une colle biologique \u00e0 base de farine ;<\/li>\n<li>Le go\u00fbt, avec des d\u00e9gustations et des d\u00e9couvertes gustatives \u00e9tonnantes ;<\/li>\n<li>L\u2019odorat, en identifiant des senteurs naturelles et des m\u00e9langes parfum\u00e9s ;<\/li>\n<li>Sans oublier\u00a0l\u2019ou\u00efe, abord\u00e9e \u00e0 travers des jeux d\u2019\u00e9coute et d\u2019attention.<\/li>\n<\/ul>\n<p style=\"font-weight: 400;\"><strong>Une approche ludique pour \u00e9veiller l\u2019esprit scientifique<\/strong><\/p>\n<p style=\"font-weight: 400;\">Au-del\u00e0 des exp\u00e9riences, le camp vise un objectif clair : \u00e9veiller la curiosit\u00e9 et l\u2019esprit critique des enfants d\u00e8s le plus jeune \u00e2ge.<br \/>\n\u00ab <em>Apprendre en exp\u00e9rimentant, c\u2019est le meilleur moyen de donner le go\u00fbt de la science. J\u2019esp\u00e8re que chaque enfant repartira avec des \u00e9toiles dans les yeux et des questions plein la t\u00eate<\/em> \u00bb, explique Dr Kanny Diallo, Pr\u00e9sidente de la FRIA.<\/p>\n<div id=\"attachment_4984\" style=\"width: 310px\" class=\"wp-caption aligncenter\"><img fetchpriority=\"high\" decoding=\"async\" aria-describedby=\"caption-attachment-4984\" class=\"size-medium wp-image-4984\" src=\"https:\/\/fondationria.org\/wp-content\/uploads\/2025\/11\/1761945569384-300x225.jpeg\" alt=\"\" width=\"300\" height=\"225\" srcset=\"https:\/\/fondationria.org\/wp-content\/uploads\/2025\/11\/1761945569384-300x225.jpeg 300w, https:\/\/fondationria.org\/wp-content\/uploads\/2025\/11\/1761945569384-1024x768.jpeg 1024w, https:\/\/fondationria.org\/wp-content\/uploads\/2025\/11\/1761945569384-768x576.jpeg 768w, https:\/\/fondationria.org\/wp-content\/uploads\/2025\/11\/1761945569384-1536x1152.jpeg 1536w, https:\/\/fondationria.org\/wp-content\/uploads\/2025\/11\/1761945569384-16x12.jpeg 16w, https:\/\/fondationria.org\/wp-content\/uploads\/2025\/11\/1761945569384.jpeg 2048w\" sizes=\"(max-width: 300px) 100vw, 300px\" \/><p id=\"caption-attachment-4984\" class=\"wp-caption-text\">Dr Kanny Diallo \u00e9change avec les participants \u00e0 la 1\u00e8re \u00e9dition du Camp \u00e9veil scientifique pour enfants de la FRIA<\/p><\/div>\n<p style=\"font-weight: 400;\">Con\u00e7u et organis\u00e9 par la FRIA, le Camp d\u2019\u00c9veil Scientifique est un programme \u00e9ducatif in\u00e9dit s\u2019inscrit dans la mission de la fondation :\u00a0pr\u00e9parer la prochaine g\u00e9n\u00e9ration d\u2019innovateurs africains. En combinant apprentissage et amusement, le Camp d\u2019\u00c9veil Scientifique transforme la science en un jeu d\u2019exploration \u00e0 la port\u00e9e de tous.<\/p>\n<p style=\"font-weight: 400;\"><strong>Une aventure \u00e0 poursuivre<\/strong><\/p>\n<p style=\"font-weight: 400;\">Apr\u00e8s cette premi\u00e8re \u00e9dition couronn\u00e9e de succ\u00e8s, la FRIA ne compte pas s\u2019arr\u00eater l\u00e0. De nouvelles sessions du camp sont d\u00e9j\u00e0 pr\u00e9vues pour les prochaines vacances scolaires.<\/p>\n<p style=\"font-weight: 400;\">Les inscriptions sont ouvertes d\u00e8s maintenant pour tous les enfants \u00e2g\u00e9s de\u00a06 \u00e0 9 ans et 10 \u00e0 15 ans.<\/p>\n<p style=\"font-weight: 400;\">Pour inscrire votre enfant :\u00a0<a href=\"https:\/\/urlz.fr\/uTvg\">https:\/\/urlz.fr\/uTv<\/a><a href=\"https:\/\/urlz.fr\/uTvg\">g<\/a><\/p>\n<p style=\"font-weight: 400;\">Et si, dans quelques ann\u00e9es,\u00a0<strong>le futur Prix Nobel scientifique<\/strong>\u00a0\u00e9tait votre enfant ? \ud83c\udf1f<\/p>","protected":false},"excerpt":{"rendered":"<p>Lundi 27 octobre 2025, il est \u00e0 peine 9h lorsque les premiers \u00e9clats de rire retentissent au si\u00e8ge de la Fondation pour la Recherche et l\u2019Innovation Africaine (FRIA). Ils sont huit enfants dont l\u2019\u00e2ge varie entre 6 et 9 ans. Ils d\u00e9couvrent avec curiosit\u00e9 les blouses blanches sp\u00e9cialement confectionn\u00e9es pour eux. La premi\u00e8re \u00e9dition du [&hellip;]<\/p>","protected":false},"author":13,"featured_media":4983,"comment_status":"open","ping_status":"open","sticky":false,"template":"","format":"standard","meta":{"footnotes":""},"categories":[46],"tags":[69,71,70],"class_list":["post-4982","post","type-post","status-publish","format-standard","has-post-thumbnail","hentry","category-education-et-innovation","tag-camp-eveil-scientifique","tag-cinq-sens","tag-enfant"],"_links":{"self":[{"href":"https:\/\/fondationria.org\/en\/wp-json\/wp\/v2\/posts\/4982","targetHints":{"allow":["GET"]}}],"collection":[{"href":"https:\/\/fondationria.org\/en\/wp-json\/wp\/v2\/posts"}],"about":[{"href":"https:\/\/fondationria.org\/en\/wp-json\/wp\/v2\/types\/post"}],"author":[{"embeddable":true,"href":"https:\/\/fondationria.org\/en\/wp-json\/wp\/v2\/users\/13"}],"replies":[{"embeddable":true,"href":"https:\/\/fondationria.org\/en\/wp-json\/wp\/v2\/comments?post=4982"}],"version-history":[{"count":1,"href":"https:\/\/fondationria.org\/en\/wp-json\/wp\/v2\/posts\/4982\/revisions"}],"predecessor-version":[{"id":4985,"href":"https:\/\/fondationria.org\/en\/wp-json\/wp\/v2\/posts\/4982\/revisions\/4985"}],"wp:featuredmedia":[{"embeddable":true,"href":"https:\/\/fondationria.org\/en\/wp-json\/wp\/v2\/media\/4983"}],"wp:attachment":[{"href":"https:\/\/fondationria.org\/en\/wp-json\/wp\/v2\/media?parent=4982"}],"wp:term":[{"taxonomy":"category","embeddable":true,"href":"https:\/\/fondationria.org\/en\/wp-json\/wp\/v2\/categories?post=4982"},{"taxonomy":"post_tag","embeddable":true,"href":"https:\/\/fondationria.org\/en\/wp-json\/wp\/v2\/tags?post=4982"}],"curies":[{"name":"wp","href":"https:\/\/api.w.org\/{rel}","templated":true}]}}